[{"@context":"https:\/\/schema.org\/","@type":"Article","@id":"https:\/\/www.uplux.cz\/vite-kdo-byli-vasi-predci\/#Article","mainEntityOfPage":"https:\/\/www.uplux.cz\/vite-kdo-byli-vasi-predci\/","headline":"V\u00edte, kdo byli va\u0161i p\u0159edci?","name":"V\u00edte, kdo byli va\u0161i p\u0159edci?","description":"Tak\u00e9 v\u00e1s n\u011bkdy napadlo, jak\u00fd je vlastn\u011b v\u00e1\u0161 p\u016fvod? Odkud jste a co vedlo va\u0161e p\u0159edky k tomu, aby se dostali tam, kde se nyn\u00ed nach\u00e1z\u00edte? v V sou\u010dasnosti se ji\u017e bohu\u017eel rodinn\u00e9 tradice nep\u0159ed\u00e1vaj\u00ed z generace na generaci, jako tomu kdysi b\u00fdvalo. v Ji\u017e se tolik nelp\u00ed na rodinn\u00e9m d\u011bdictv\u00ed. v V dne\u0161n\u00edch dnech &#8230;","datePublished":"2025-03-01","dateModified":"2023-04-28","author":{"@type":"Person","@id":"https:\/\/www.uplux.cz\/author\/#Person","name":"uplux.cz\n","url":"https:\/\/www.uplux.cz\/author\/","identifier":1,"image":{"@type":"ImageObject","@id":"https:\/\/secure.gravatar.com\/avatar\/a1f3afbcba6a2c855138f9932fa7e5ab7d93bdcdef3da88e8b7e3a89881e43e8?s=96&d=mm&r=g","url":"https:\/\/secure.gravatar.com\/avatar\/a1f3afbcba6a2c855138f9932fa7e5ab7d93bdcdef3da88e8b7e3a89881e43e8?s=96&d=mm&r=g","height":96,"width":96}},"publisher":{"@type":"Organization","name":"uplux.cz","logo":{"@type":"ImageObject","@id":"\/logo.png","url":"\/logo.png","width":600,"height":60}},"image":{"@type":"ImageObject","@id":"https:\/\/www.uplux.cz\/wp-content\/uploads\/img_a299739_w1762_t1509647714.jpg","url":"https:\/\/www.uplux.cz\/wp-content\/uploads\/img_a299739_w1762_t1509647714.jpg","height":0,"width":0},"url":"https:\/\/www.uplux.cz\/vite-kdo-byli-vasi-predci\/","about":["\u017divotn\u00ed styl"],"wordCount":418,"articleBody":" Tak\u00e9 v\u00e1s n\u011bkdy napadlo, jak\u00fd je vlastn\u011b v\u00e1\u0161 p\u016fvod? Odkud jste a co vedlo va\u0161e p\u0159edky k tomu, aby se dostali tam, kde se nyn\u00ed nach\u00e1z\u00edte? v V sou\u010dasnosti se ji\u017e bohu\u017eel rodinn\u00e9 tradice nep\u0159ed\u00e1vaj\u00ed z generace na generaci, jako tomu kdysi b\u00fdvalo. v Ji\u017e se tolik nelp\u00ed na rodinn\u00e9m d\u011bdictv\u00ed. v V dne\u0161n\u00edch dnech ji\u017e v\u016fbec nen\u00ed v m\u00f3d\u011b \u00facta ke st\u00e1\u0159\u00ed. Z tohoto d\u016fvodu potom nezn\u00e1me historii sv\u00e9ho rodu. Zn\u00e1me pouze minulost sv\u00e9 rodiny po dv\u011b generace, a d\u00e1l u\u017e je pouh\u00e9 pr\u00e1zdno. To v n\u00e1s pak utv\u00e1\u0159\u00ed pr\u00e1zdnotu a nejistotu. Nezn\u00e1me p\u016fvod na\u0161eho byt\u00ed, nev\u00edme, kdo vlastn\u011b jsme, a tak n\u00e1m nezb\u00fdv\u00e1 nic jin\u00e9ho, ne\u017e \u017ee . Dejme se do hled\u00e1n\u00ed Pokud u\u017e se rozhodneme vyp\u00e1trat n\u00e1\u0161 p\u016fvod a sv\u00e9 p\u0159edky, m\u016f\u017ee n\u00e1m pomoci slu\u017eba v oblasti genealogie. Tato slu\u017eba v\u00e1m vyhled\u00e1: v p\u016fvod va\u0161ich p\u0159edk\u016f, v historii va\u0161eho domu, v m\u00edsta p\u016fvodu rodu \u010di firmy D\u00e1le v\u00e1m tato slu\u017eba vytvo\u0159\u00ed v\u00e1\u0161 rodokmen a rodovou historii, anebo tak\u00e9 rodinnou kroniku. Tyto slu\u017eby se zam\u011b\u0159uj\u00ed na vyhled\u00e1v\u00e1n\u00ed va\u0161\u00ed historie a va\u0161eho rodu v archivn\u00edch z\u00e1znamech, jako jsou: v matri\u010dn\u00ed knihy v soupisy obyvatel v soupisy poddan\u00fdch v pozemkov\u00e9 knihy v kroniky v \u010cesk\u00e9 Republice v dostupn\u00e9 datab\u00e1ze v zahrani\u010d\u00ed D\u00e1le firmy pro vytv\u00e1\u0159en\u00ed rodokmen\u016f poskytuj\u00ed tak\u00e9: v p\u0159eklady a opisy matri\u010dn\u00edch z\u00e1znam\u016f v p\u0159episy rodinn\u00fdch \u010di firemn\u00edch dokument\u016f Vyhled\u00e1n\u00ed p\u016fvodu rodu Tato slu\u017eba zahrnuje: v Re\u0161er\u0161e, sledov\u00e1n\u00ed jedn\u00e9, anebo v\u00edce rodinn\u00fdch v\u011btv\u00ed a tak\u00e9 tvorba rodokmenu. v Zji\u0161\u0165ov\u00e1n\u00ed rodinn\u00fdch vazeb, osobn\u00edch dat narozen\u00ed, \u00famrt\u00ed a s\u0148atk\u016f. v Slu\u017eba v\u00e1m dohled\u00e1, jakou v\u00edru a profesi na\u0161i p\u0159edci m\u011bli a z\u00e1rove\u0148 p\u0159esn\u00fd p\u0159eklad matri\u010dn\u00edch z\u00e1znam\u016f. v Vyhled\u00e1n\u00ed p\u016fvodu va\u0161eho rodu, vyhled\u00e1n\u00ed \u017eij\u00edc\u00edch potomk\u016f a nav\u0161t\u00edven\u00ed m\u00edsta p\u016fvodu Va\u0161ich p\u0159edk\u016f. v Individu\u00e1ln\u00ed slu\u017eby p\u0159e\u017eiv\u0161\u00edm \u010di potomk\u016fm p\u0159e\u017eiv\u0161\u00edch holocaustu, potomk\u016fm \u010desk\u00fdch emigrant\u016f do USA, Chorvatska a jin\u00fdch st\u00e1t\u016f.                                                                                                                                                                                                                                                                                                                                                                                        4.7\/5 - (4 votes)        "},{"@context":"https:\/\/schema.org\/","@type":"BreadcrumbList","itemListElement":[{"@type":"ListItem","position":1,"name":"V\u00edte, kdo byli va\u0161i p\u0159edci?","item":"https:\/\/www.uplux.cz\/vite-kdo-byli-vasi-predci\/#breadcrumbitem"}]}]