[{"@context":"https:\/\/schema.org\/","@type":"Article","@id":"https:\/\/www.uplux.cz\/jak-byste-charakterizovali-svuj-zivotni-styl\/#Article","mainEntityOfPage":"https:\/\/www.uplux.cz\/jak-byste-charakterizovali-svuj-zivotni-styl\/","headline":"Jak byste charakterizovali sv\u016fj \u017eivotn\u00ed styl?","name":"Jak byste charakterizovali sv\u016fj \u017eivotn\u00ed styl?","description":"\u017divotn\u00ed styl jedince je mo\u017en\u00e9 posuzovat z\u00a0cel\u00e9 \u0159ady hledisek. Pro tento p\u0159\u00edsp\u011bvek byla to hlediska zvolena celkem t\u0159i, a to v\u00a0z\u00e1vislosti na jejich aktu\u00e1lnosti, s\u00a0n\u00ed\u017e jsou ve spole\u010dnosti b\u011b\u017en\u011b \u0159e\u0161ena. \u00a0 \u017divotn\u00ed styl ve spojitosti se stravov\u00e1n\u00edm Z\u0159ejm\u011b nejdiskutovan\u011bj\u0161\u00ed hledisko sou\u010dasnosti. Z\u00a0pohledu stravov\u00e1n\u00ed j mo\u017en\u00e9 v\u00a0sou\u010dasnosti narazit na celou \u0159adu pom\u011brn\u011b extr\u00e9mn\u00edch skupin osob, jejich\u017e &#8230;","datePublished":"2025-03-02","dateModified":"2023-04-28","author":{"@type":"Person","@id":"https:\/\/www.uplux.cz\/author\/#Person","name":"uplux.cz\n","url":"https:\/\/www.uplux.cz\/author\/","identifier":1,"image":{"@type":"ImageObject","@id":"https:\/\/secure.gravatar.com\/avatar\/a1f3afbcba6a2c855138f9932fa7e5ab7d93bdcdef3da88e8b7e3a89881e43e8?s=96&d=mm&r=g","url":"https:\/\/secure.gravatar.com\/avatar\/a1f3afbcba6a2c855138f9932fa7e5ab7d93bdcdef3da88e8b7e3a89881e43e8?s=96&d=mm&r=g","height":96,"width":96}},"publisher":{"@type":"Organization","name":"uplux.cz","logo":{"@type":"ImageObject","@id":"\/logo.png","url":"\/logo.png","width":600,"height":60}},"image":{"@type":"ImageObject","@id":"https:\/\/www.uplux.cz\/wp-content\/uploads\/img_a295177_w1762_t1506753749.jpg","url":"https:\/\/www.uplux.cz\/wp-content\/uploads\/img_a295177_w1762_t1506753749.jpg","height":0,"width":0},"url":"https:\/\/www.uplux.cz\/jak-byste-charakterizovali-svuj-zivotni-styl\/","about":["\u017divotn\u00ed styl"],"wordCount":407,"articleBody":"\u017divotn\u00ed styl jedince je mo\u017en\u00e9 posuzovat z\u00a0cel\u00e9 \u0159ady hledisek. Pro tento p\u0159\u00edsp\u011bvek byla to hlediska zvolena celkem t\u0159i, a to v\u00a0z\u00e1vislosti na jejich aktu\u00e1lnosti, s\u00a0n\u00ed\u017e jsou ve spole\u010dnosti b\u011b\u017en\u011b \u0159e\u0161ena.\u00a0\u017divotn\u00ed styl ve spojitosti se stravov\u00e1n\u00edmZ\u0159ejm\u011b nejdiskutovan\u011bj\u0161\u00ed hledisko sou\u010dasnosti.Z\u00a0pohledu stravov\u00e1n\u00ed j mo\u017en\u00e9 v\u00a0sou\u010dasnosti narazit na celou \u0159adu pom\u011brn\u011b extr\u00e9mn\u00edch skupin osob, jejich\u017e \u017eivotn\u00ed styl je p\u0159\u00edsn\u011b regulov\u00e1n vztahem k\u00a0potravin\u00e1m, zejm\u00e9na pak jejich p\u016fvodu a zp\u016fsobu zpracov\u00e1n\u00ed. Jedinci prohla\u0161uj\u00edc\u00ed, \u017ee se \u0159\u00eddi z\u00e1sady racion\u00e1ln\u00ed v\u00fd\u017eivy jsou pov\u011bt\u0161inou je\u0161t\u011b \u0159\u00edzen\u00ed hlasem rozumu, kde\u017eto u jin\u00fdch skupin toto nemus\u00ed stoprocentn\u011b platit. Z\u00a0okrajov\u00fdch skupin str\u00e1vn\u00edk\u016f, je\u017e se vyzna\u010duj\u00ed specifick\u00fdm \u017eivotn\u00edm stylem, lze zm\u00ednit:\u00b7\u00a0\u00a0\u00a0\u00a0\u00a0\u00a0\u00a0\u00a0 Vegetari\u00e1ny \u2013 jedinci, kte\u0159\u00ed nejed\u00ed \u017eivo\u010di\u0161n\u00e9 produkty, \u010di alespo\u0148 n\u011bkter\u00e9 jejich z\u00e1stupce.\u00b7\u00a0\u00a0\u00a0\u00a0\u00a0\u00a0\u00a0\u00a0 Vegani \u2013 naprost\u00ed vegani, kte\u0159\u00ed nepoz\u0159ou nic, co by \u017eivo\u010di\u0161n\u00fd p\u016fvod pouze nazna\u010dovalo.\u00b7\u00a0\u00a0\u00a0\u00a0\u00a0\u00a0\u00a0\u00a0 Frutari\u00e1ni, vitari\u00e1ni, z\u00e1stupci paleostravy a mnoz\u00ed dal\u0161\u00ed.\u00a0\u017divotn\u00ed styl v\u00a0spojitosti s\u00a0partnersk\u00fdm \u017eivotemZde je mo\u017en\u00e9 lidi rozd\u011blovat na dv\u011b velk\u00e9 skupiny, a to na jedince \u017eij\u00edc\u00ed v\u00a0partnersk\u00e9m vztahu \/\u010di jej minim\u00e1ln\u011b up\u0159ednost\u0148uj\u00edc\u00ed) a ty, kte\u0159\u00ed se v\u00edce vy\u017e\u00edvaj\u00ed v\u00a0tom b\u00fdt sami \u2013 takzvan\u00ed singles, jak je ji\u017ei odborn\u00e1 literatura ozna\u010duje.\u00a0\u017divotn\u00ed styl ve spojitosti s\u00a0d\u011btmiDal\u0161\u00edm velk\u00fdm faktorem ovliv\u0148uj\u00edc\u00edm vyzn\u00e1van\u00fd \u017eivotn\u00ed styl je pak ot\u00e1zka, zda doty\u010dn\u00e1 osoba m\u00e1 \u010di tou\u017e\u00ed m\u00edt v\u00a0budoucnu potomky. I v\u00a0tomto n\u00e1zoru lze lidi \u0159adit do dvou skupin, ty, co jsou pro tradi\u010dn\u00ed rodinu a s\u00a0potomky tedy automaticky po\u010d\u00edtaj\u00ed a ty, kte\u0159\u00ed minim\u00e1ln\u011b velmi v\u00e1haj\u00ed \u010di ji\u017e v\u00a0ran\u00e9m v\u011bku v\u011bd\u00ed, \u017ee jejich \u017eivot bude bezd\u011btn\u00fdm, pokud o tom tedy budou moci sami rozhodnout.Vzhledem k\u00a0sou\u010dasn\u00fdm politick\u00fdm, ekologick\u00fdm i ekonomick\u00fdm podm\u00ednk\u00e1m nen\u00ed tendence nepl\u00e1nov\u00e1n\u00ed vlastn\u00ed rodiny a\u017e takovou v\u00fdjimkou, jak by se na prvn\u00ed pohled mohlo zd\u00e1t. O tomto faktu sv\u011bd\u010d\u00ed nap\u0159\u00edklad v\u00fdrazn\u00fd pokles porodnosti v\u00a0\u010cech\u00e1ch, kter\u00fd je v\u00a0posledn\u00ed letech zaznamen\u00e1v\u00e1n.                                                                                                                                                                                                                                                                                                                                                                                        4.2\/5 - (10 votes)        "},{"@context":"https:\/\/schema.org\/","@type":"BreadcrumbList","itemListElement":[{"@type":"ListItem","position":1,"name":"Jak byste charakterizovali sv\u016fj \u017eivotn\u00ed styl?","item":"https:\/\/www.uplux.cz\/jak-byste-charakterizovali-svuj-zivotni-styl\/#breadcrumbitem"}]}]